[{"@context":"https:\/\/schema.org\/","@type":"Article","@id":"https:\/\/www.mivi.sk\/som-umelecka-dusa-milujem-modu-kozmetiku\/#Article","mainEntityOfPage":"https:\/\/www.mivi.sk\/som-umelecka-dusa-milujem-modu-kozmetiku\/","headline":"Som umeleck\u00e1 du\u0161a milujem m\u00f3du kozmetiku","name":"Som umeleck\u00e1 du\u0161a milujem m\u00f3du kozmetiku","description":"Ja popritom dou\u010dovanie m\u00e1vam pre kozmetick\u00e9 firmy rob\u00edm ako AVON, ORIFLAME, JEVERLLE, MARY KAY ja som vyu\u010den\u00e1 aj kozmeti\u010dka, viz\u00e1\u017eistka m\u00e1m aj nechtov\u00fd dizajn rob\u00edm ve\u0161t\u00edm zo ZOLIKOVYCH KARIET aj pe\u010diem na objedn\u00e1vku plus kadern\u00edcke slu\u017eby aspo\u0148 \u010dlovek zarob\u00ed ako tak obnovovala som telef\u00f3ne \u010d\u00edslo m\u00e1m nov\u00fd mobil aj email som menila na vizitky keby [&hellip;]","datePublished":"2023-12-18","dateModified":"2024-01-18","author":{"@type":"Person","@id":"https:\/\/www.mivi.sk\/author\/#Person","name":"","url":"https:\/\/www.mivi.sk\/author\/","identifier":1,"image":{"@type":"ImageObject","@id":"https:\/\/secure.gravatar.com\/avatar\/c607f8cdeb628e1fda71e81e0cbb10854858a188adc366641de57f1cadca520c?s=96&d=mm&r=g","url":"https:\/\/secure.gravatar.com\/avatar\/c607f8cdeb628e1fda71e81e0cbb10854858a188adc366641de57f1cadca520c?s=96&d=mm&r=g","height":96,"width":96}},"publisher":{"@type":"Organization","name":"mivi.sk","logo":{"@type":"ImageObject","@id":"\/logo.png","url":"\/logo.png","width":600,"height":60}},"image":{"@type":"ImageObject","@id":"https:\/\/www.mivi.sk\/wp-content\/uploads\/gel-nails-1878296_1280_3.jpg","url":"https:\/\/www.mivi.sk\/wp-content\/uploads\/gel-nails-1878296_1280_3.jpg","height":0,"width":0},"url":"https:\/\/www.mivi.sk\/som-umelecka-dusa-milujem-modu-kozmetiku\/","about":["M\u00f3da"],"wordCount":500,"articleBody":"Ja popritom dou\u010dovanie m\u00e1vam pre kozmetick\u00e9 firmy rob\u00edm ako AVON, ORIFLAME, JEVERLLE, MARY KAY ja som vyu\u010den\u00e1 aj kozmeti\u010dka, viz\u00e1\u017eistka m\u00e1m aj nechtov\u00fd dizajn rob\u00edm ve\u0161t\u00edm zo ZOLIKOVYCH KARIET aj pe\u010diem na objedn\u00e1vku plus kadern\u00edcke slu\u017eby aspo\u0148 \u010dlovek zarob\u00ed ako tak obnovovala som telef\u00f3ne \u010d\u00edslo m\u00e1m nov\u00fd mobil aj email som menila na vizitky keby sa sem dali da\u0165 tak ich d\u00e1m ale nako\u013eko sa sem m\u00f4\u017eu d\u00e1va\u0165 len prilo\u017een\u00e9 fotografie tak len improviz\u00e1cia ned\u00e1 sa ni\u010d robi\u0165. Ja milujem kozmetiku ve\u010f sme \u017eeny ka\u017ed\u00e1 \u017eena by mala vyzera\u0165 dobre upraven\u00e1 nemus\u00ed by\u0165 s\u00edce oble\u010den\u00e1 pod\u013ea najnov\u0161ej m\u00f3dy ale d\u00e1 sa v\u017edy by\u0165 TYP TOP ale ke\u010f tak sledujem \u017eeny mojim odborn\u00fdm okom nie ka\u017ed\u00e1 to ovl\u00e1da. Nie len be\u017en\u00e9 \u017eeny ale aj celebrity sa vedia hrozne oblieka\u0165 tot\u00e1lny zm\u00e4tok nechutn\u00e9 myslia si \u017ee ke\u010f maj\u00fa na sebe drah\u00e9 oble\u010denie \u017ee nie nad nich no niekedy sa to ich oble\u010denie ned\u00e1 identifikova\u0165 ako stra\u0161idl\u00e1 skutku by potrebovali radik\u00e1lne pom\u00f4c\u0165 ako aj t\u00e1 REBECA JUSTH ako ktor\u00fa som u\u017e spom\u00ednala pred\u010dasnom ako \u0161a\u0161o a je na posmech u\u017e len t\u00fdm \u017ee men\u00ed st\u00e1le parochne komick\u00e1 osoba a d\u00f4le\u017eit\u00e1 nie nad \u0148u asi teraz je zase BEZ SERVITKY asi nem\u00e1 peniaze asi skrachovali aj t\u00e1 Mi\u0161a K u\u017e neviem ko\u013ekokr\u00e1t je tam nech\u00e1pem \u017ee to aj pripustia viackr\u00e1t aby t\u00ed ist\u00ed tam boli neust\u00e1le mysl\u00edm si \u017ee aj druh\u00fd m\u00e1 \u0161ancu asi aj to funguje na konexii ako v\u0161etko chor\u00e9 v\u0161etko. Aj Nora M. sa vo\u013eakedy obliekala ako stra\u0161iak do maku ale na star\u00e9 kolen\u00e1 ostala konzervat\u00edvna dostala rozum vo\u013eakedy zvykla hovori\u0165 t\u00e1 sa ale DOHABALA a sama bola a ten \u00a0jej PERES ako cirkus HOPSASA aj byt ma kone\u010dne norm\u00e1lny nie ten nechutn\u00fd n\u00e1bytok ako v m\u00fazeu ja ma\u0165 ich peniaze tak si inak zariadime by\u0165 nie tak nechutne nezn\u00e1\u0161am staro\u017eitn\u00fd n\u00e1bytok m\u00e1m rada klasick\u00fd n\u00e1bytok drevo je najkraj\u0161\u00ed materi\u00e1l aj najzdrav\u0161ie ako v m\u00f3de je najlep\u0161ia bavlna 100 percent ale kde ju dnes n\u00e1jdete v\u0161ade sam\u00e1 umel\u00e9 vl\u00e1kna visk\u00f3za, polyester a podobne m\u00e1loktor\u00e1 vec oble\u010denie je u\u017e dnes kvalitn\u00e1 sam\u00fd humus . Zn\u00e1ma hovorila \u017ee jej neter si k\u00fapila kab\u00e1t vraj ko\u017euch ako \u017ee v strede je zips a \u0161irok\u00e9 ruk\u00e1ve no to mus\u00ed by\u0165 otrasn\u00e9 to m\u00e1 ak\u00fa funkciu ve\u010f tie ruk\u00e1ve ani hria\u0165 nem\u00f4\u017eu \u010do s\u00fa \u0161irok\u00e9 des. Nie na klasick\u00e9 oble\u010denie ktor\u00e9 v zime hreje asi chce by\u0165 extra chudera no ve\u013eakr\u00e1t to nepom\u00f4\u017ee \u013eudia by si mali pre\u0161tudova\u0165 knihy , \u010dasopisy o m\u00f3de lebo s\u00fa bez vkusu.                                                                                                                                                                                                                                                                                                                                                                                                 "},{"@context":"https:\/\/schema.org\/","@type":"BreadcrumbList","itemListElement":[{"@type":"ListItem","position":1,"name":"Som umeleck\u00e1 du\u0161a milujem m\u00f3du kozmetiku","item":"https:\/\/www.mivi.sk\/som-umelecka-dusa-milujem-modu-kozmetiku\/#breadcrumbitem"}]}]